[{"@context":"https:\/\/schema.org\/","@type":"Article","@id":"https:\/\/www.oldoranc.sk\/nieco-na-pamiatku\/#Article","mainEntityOfPage":"https:\/\/www.oldoranc.sk\/nieco-na-pamiatku\/","headline":"Nie\u010do na pamiatku","name":"Nie\u010do na pamiatku","description":"Moja sestra pre m\u0148a bola v\u017edy \u00faplne v\u0161etk\u00fdm na svete.Milovala som ju tak ve\u013emi, \u017ee by som kv\u00f4li nej aj&hellip;","datePublished":"2018-06-07","dateModified":"2018-06-07","author":{"@type":"Person","@id":"https:\/\/www.oldoranc.sk\/author\/#Person","name":"","url":"https:\/\/www.oldoranc.sk\/author\/","identifier":1,"image":{"@type":"ImageObject","@id":"https:\/\/secure.gravatar.com\/avatar\/e4532b7f65738965bbad8697e5bd54c0628af7bffe8d3c856885c44d86978cee?s=96&d=mm&r=g","url":"https:\/\/secure.gravatar.com\/avatar\/e4532b7f65738965bbad8697e5bd54c0628af7bffe8d3c856885c44d86978cee?s=96&d=mm&r=g","height":96,"width":96}},"publisher":{"@type":"Organization","name":"oldoranc.sk","logo":{"@type":"ImageObject","@id":"\/logo.png","url":"\/logo.png","width":600,"height":60}},"image":{"@type":"ImageObject","@id":"https:\/\/www.oldoranc.sk\/wp-content\/uploads\/img_a288674_w16533_t1529492815.jpg","url":"https:\/\/www.oldoranc.sk\/wp-content\/uploads\/img_a288674_w16533_t1529492815.jpg","height":0,"width":0},"url":"https:\/\/www.oldoranc.sk\/nieco-na-pamiatku\/","wordCount":421,"articleBody":"   Moja sestra pre m\u0148a bola v\u017edy \u00faplne v\u0161etk\u00fdm na svete.Milovala som ju tak ve\u013emi, \u017ee by som kv\u00f4li nej aj sko\u010dila z okna. Mus\u00edm poveda\u0165, \u017ee ako mlad\u0161ia sestra som na nej tot\u00e1lne visela a aj ke\u010f jej to \u0161lo maxim\u00e1lne na nervy, nikdy ma od seba neodstr\u010dila. Dokonca ani teraz, ke\u010f sme u\u017e obidve dospel\u00e9 a m\u00e1me svoje vlastn\u00e9 rodiny. M\u00e1m tendenciu jej ve\u0161a\u0165 na nos v\u0161etky moje probl\u00e9my a ona m\u00e1 zase tendenciu ich v\u0161etky po\u010d\u00fava\u0165 bez toho, aby prevracala o\u010dami. Mysl\u00edm si, \u017ee ka\u017ed\u00fd \u010dlovek by chcel ma\u0165 tak\u00fa sestru, ak\u00fa m\u00e1m ja.Preto ma tot\u00e1lne dostalo, ke\u010f mi povedala, \u017ee sa aj s mu\u017eom aj s de\u0165mi s\u0165ahujedo zahrani\u010dia. Bola pre m\u0148a v\u0161etk\u00fdm, bola moja najlep\u0161ia priate\u013eka a teraz ma op\u00fa\u0161\u0165a, ako keby sa v\u00f4bec ni\u010d nedialo. Bolo to pre m\u0148a naozaj ve\u013emi deprimuj\u00face a nevedela som si predstavi\u0165, ako budem fungova\u0165 aj \u010falej a bez nej. Chcela som ju pri sebe tak ve\u013emi, a\u017e si to nikto nevedel ani len predstavi\u0165. Preto som sa s \u0148ou najprv ani nerozpr\u00e1vala, tak ve\u013emi som sa na \u0148u hnevala. Nakoniec som v\u0161ak pochopila, \u017ee t\u00fdm v\u00f4bec ni\u010d nevyrie\u0161im a len sa ober\u00e1m o \u010das, ktor\u00fd s \u0148ou m\u00f4\u017eem str\u00e1vi\u0165.Musela som jej v\u0161ak darova\u0165 nie\u010do na rozl\u00fa\u010dku. Nie\u010do, \u010do jej ma bude pripom\u00edna\u0165 a na \u010do naozaj nikdy nezabudne. Dala som jej preto strieborny naramok, aby som jej uk\u00e1zala, \u010do v\u0161etko pre m\u0148a ona a jej l\u00e1ska znamen\u00e1, aby som jej uk\u00e1zala, \u017ee to so mnou nemus\u00ed vzd\u00e1va\u0165 a \u017ee aj ke\u010f sa hnev\u00e1m, \u017ee odch\u00e1dza, milujem ju tak ve\u013emi, \u017ee chcem, aby bola iba \u0161\u0165astn\u00e1, aj ke\u010f v \u00faplne inej krajine. Bolo pre m\u0148a d\u00f4le\u017eit\u00e9, aby to pochopila a vedela som, \u017ee pre \u0148u je to taktie\u017e ve\u013emi d\u00f4le\u017eit\u00e9. V\u017edy som bola presved\u010den\u00e1 o tom, \u017ee na\u0161e puti je nezni\u010dite\u013en\u00e9 a nem\u00fdlila som sa. A bude ma\u0165 odo m\u0148a mal\u00fa pamiatku, ktor\u00e1 sa jej ur\u010dite bude p\u00e1\u010di\u0165. Som \u0161\u0165astn\u00e1, \u017ee sa neober\u00e1m o posledn\u00e9 chv\u00ed\u013eky s \u0148ou len preto, lebo sa hnev\u00e1m. To by som si neodpustila.                                                                                                                                                                                                                                                                                                                                                                                                  "},{"@context":"https:\/\/schema.org\/","@type":"BreadcrumbList","itemListElement":[{"@type":"ListItem","position":1,"name":"Nie\u010do na pamiatku","item":"https:\/\/www.oldoranc.sk\/nieco-na-pamiatku\/#breadcrumbitem"}]}]